{"id":512,"date":"2021-08-23T14:14:57","date_gmt":"2021-08-23T11:14:57","guid":{"rendered":"http:\/\/77.240.19.37\/~huomiotesti\/pohja\/?p=512"},"modified":"2026-04-29T14:17:09","modified_gmt":"2026-04-29T11:17:09","slug":"obelixin-terassi","status":"publish","type":"post","link":"https:\/\/www.obelix.fi\/hyvinkaa\/obelixin-terassi\/","title":{"rendered":"Obelixin terassin avajaiset -ravintolan ihastuttavat ulkotilat!"},"content":{"rendered":"\t\t<div data-elementor-type=\"wp-post\" data-elementor-id=\"512\" class=\"elementor elementor-512\" data-elementor-post-type=\"post\">\n\t\t\t\t\t\t<section class=\"elementor-section elementor-top-section elementor-element elementor-element-5e15850 elementor-section-boxed elementor-section-height-default elementor-section-height-default\" data-id=\"5e15850\" data-element_type=\"section\">\n\t\t\t\t\t\t<div class=\"elementor-container elementor-column-gap-default\">\n\t\t\t\t\t<div class=\"elementor-column elementor-col-100 elementor-top-column elementor-element elementor-element-4cc3504\" data-id=\"4cc3504\" data-element_type=\"column\">\n\t\t\t<div class=\"elementor-widget-wrap elementor-element-populated\">\n\t\t\t\t\t\t<div class=\"elementor-element elementor-element-60baee1 elementor-widget-mobile__width-initial elementor-widget elementor-widget-image\" data-id=\"60baee1\" data-element_type=\"widget\" data-widget_type=\"image.default\">\n\t\t\t\t<div class=\"elementor-widget-container\">\n\t\t\t\t\t\t\t\t\t\t\t\t\t\t\t<img decoding=\"async\" src=\"https:\/\/www.obelix.fi\/hyvinkaa\/wp-content\/uploads\/2025\/05\/Hobe-terde.jpg\" title=\"Hobe terde\" alt=\"Obelix Hyvink\u00e4\u00e4n takaterassilla paikkoja auringosta nauttiville ja varjoisemmassa viihtyville\" loading=\"lazy\" \/>\t\t\t\t\t\t\t\t\t\t\t\t\t\t\t<\/div>\n\t\t\t\t<\/div>\n\t\t\t\t\t<\/div>\n\t\t<\/div>\n\t\t\t\t\t<\/div>\n\t\t<\/section>\n\t\t\t\t<section class=\"elementor-section elementor-top-section elementor-element elementor-element-dbf87c3 elementor-section-boxed elementor-section-height-default elementor-section-height-default\" data-id=\"dbf87c3\" data-element_type=\"section\">\n\t\t\t\t\t\t<div class=\"elementor-container elementor-column-gap-default\">\n\t\t\t\t\t<div class=\"elementor-column elementor-col-100 elementor-top-column elementor-element elementor-element-dbaaa27\" data-id=\"dbaaa27\" data-element_type=\"column\">\n\t\t\t<div class=\"elementor-widget-wrap elementor-element-populated\">\n\t\t\t\t\t\t<div class=\"elementor-element elementor-element-dfbfd72 elementor-widget elementor-widget-text-editor\" data-id=\"dfbfd72\" data-element_type=\"widget\" data-widget_type=\"text-editor.default\">\n\t\t\t\t<div class=\"elementor-widget-container\">\n\t\t\t\t\t\t\t\t\t<h2>Terassikauden avajaiset<\/h2>\n<p><strong>Lauantaina 6.6.2026<\/strong> viet\u00e4mme my\u00f6s terassimme avajaisia. Esiintym\u00e4ss\u00e4 terassilla klo 17:00 alkaen akustinen trio Ilja Jalkanen ja rytmiryhm\u00e4, joka ei j\u00e4t\u00e4 ket\u00e4\u00e4n kylm\u00e4ksi. Lis\u00e4ksi terassilla on baari avoinna, ruokatarjouksia unohtamatta. Muista tehd\u00e4 p\u00f6yt\u00e4varaus terassille hyviss\u00e4 ajoin, sill\u00e4 t\u00e4t\u00e4 et halua missata!<\/p>\n<h6><em>Huonon s\u00e4\u00e4n sattuessa trio musisoi ravintolan sis\u00e4tiloissa!<\/em><\/h6>\t\t\t\t\t\t\t\t<\/div>\n\t\t\t\t<\/div>\n\t\t\t\t\t<\/div>\n\t\t<\/div>\n\t\t\t\t\t<\/div>\n\t\t<\/section>\n\t\t\t\t<section class=\"elementor-section elementor-top-section elementor-element elementor-element-ec6fec5 elementor-section-boxed elementor-section-height-default elementor-section-height-default\" data-id=\"ec6fec5\" data-element_type=\"section\">\n\t\t\t\t\t\t<div class=\"elementor-container elementor-column-gap-default\">\n\t\t\t\t\t<div class=\"elementor-column elementor-col-50 elementor-top-column elementor-element elementor-element-a286555\" data-id=\"a286555\" data-element_type=\"column\">\n\t\t\t<div class=\"elementor-widget-wrap elementor-element-populated\">\n\t\t\t\t\t\t<div class=\"elementor-element elementor-element-6ef1bc7 elementor-widget elementor-widget-text-editor\" data-id=\"6ef1bc7\" data-element_type=\"widget\" data-widget_type=\"text-editor.default\">\n\t\t\t\t<div class=\"elementor-widget-container\">\n\t\t\t\t\t\t\t\t\t<h4>P\u00f6yt\u00e4varaus takaterassille!<\/h4>\n<p>T\u00e4n\u00e4 kes\u00e4n\u00e4 ensimm\u00e4ist\u00e4 kertaa p\u00f6yt\u00e4varaukset ovat mahdollista my\u00f6s takaterassillemme. P\u00f6yt\u00e4varauksen p\u00e4\u00e4see tekem\u00e4\u00e4n nettisivujemme varausj\u00e4rjestelm\u00e4n kautta, klikkaamalla varaus vaiheessa alueeksi terassin.\u00a0<\/p>\t\t\t\t\t\t\t\t<\/div>\n\t\t\t\t<\/div>\n\t\t\t\t<div class=\"elementor-element elementor-element-bcf42ca elementor-widget elementor-widget-button\" data-id=\"bcf42ca\" data-element_type=\"widget\" data-widget_type=\"button.default\">\n\t\t\t\t<div class=\"elementor-widget-container\">\n\t\t\t\t\t\t\t\t\t<div class=\"elementor-button-wrapper\">\n\t\t\t\t\t<a class=\"elementor-button elementor-button-link elementor-size-sm\" href=\"https:\/\/www.obelix.fi\/hyvinkaa\/poytavaraus\/\">\n\t\t\t\t\t\t<span class=\"elementor-button-content-wrapper\">\n\t\t\t\t\t\t\t\t\t<span class=\"elementor-button-text\">P\u00d6YT\u00c4VARAUS<\/span>\n\t\t\t\t\t<\/span>\n\t\t\t\t\t<\/a>\n\t\t\t\t<\/div>\n\t\t\t\t\t\t\t\t<\/div>\n\t\t\t\t<\/div>\n\t\t\t\t\t<\/div>\n\t\t<\/div>\n\t\t\t\t<div class=\"elementor-column elementor-col-50 elementor-top-column elementor-element elementor-element-b66fd5d\" data-id=\"b66fd5d\" data-element_type=\"column\">\n\t\t\t<div class=\"elementor-widget-wrap elementor-element-populated\">\n\t\t\t\t\t\t<div class=\"elementor-element elementor-element-350da0b elementor-widget elementor-widget-image\" data-id=\"350da0b\" data-element_type=\"widget\" data-widget_type=\"image.default\">\n\t\t\t\t<div class=\"elementor-widget-container\">\n\t\t\t\t\t\t\t\t\t\t\t\t\t\t\t<img fetchpriority=\"high\" decoding=\"async\" width=\"800\" height=\"453\" src=\"https:\/\/www.obelix.fi\/hyvinkaa\/wp-content\/uploads\/2025\/05\/Hobe-terde-2-1024x580.jpg\" class=\"attachment-large size-large wp-image-3782\" alt=\"Obelix Hyvink\u00e4\u00e4n takaterassille mahtuu my\u00f6s isommat seurueet\" srcset=\"https:\/\/www.obelix.fi\/hyvinkaa\/wp-content\/uploads\/2025\/05\/Hobe-terde-2-1024x580.jpg 1024w, https:\/\/www.obelix.fi\/hyvinkaa\/wp-content\/uploads\/2025\/05\/Hobe-terde-2-400x227.jpg 400w, https:\/\/www.obelix.fi\/hyvinkaa\/wp-content\/uploads\/2025\/05\/Hobe-terde-2-768x435.jpg 768w, https:\/\/www.obelix.fi\/hyvinkaa\/wp-content\/uploads\/2025\/05\/Hobe-terde-2-1536x871.jpg 1536w, https:\/\/www.obelix.fi\/hyvinkaa\/wp-content\/uploads\/2025\/05\/Hobe-terde-2.jpg 1588w\" sizes=\"(max-width: 800px) 100vw, 800px\" \/>\t\t\t\t\t\t\t\t\t\t\t\t\t\t\t<\/div>\n\t\t\t\t<\/div>\n\t\t\t\t\t<\/div>\n\t\t<\/div>\n\t\t\t\t\t<\/div>\n\t\t<\/section>\n\t\t\t\t<section class=\"elementor-section elementor-top-section elementor-element elementor-element-22aecbe1 elementor-section-boxed elementor-section-height-default elementor-section-height-default\" data-id=\"22aecbe1\" data-element_type=\"section\">\n\t\t\t\t\t\t<div class=\"elementor-container elementor-column-gap-default\">\n\t\t\t\t\t<div class=\"elementor-column elementor-col-100 elementor-top-column elementor-element elementor-element-53c3c1bf\" data-id=\"53c3c1bf\" data-element_type=\"column\">\n\t\t\t<div class=\"elementor-widget-wrap elementor-element-populated\">\n\t\t\t\t\t\t<div class=\"elementor-element elementor-element-801d3eb elementor-widget elementor-widget-text-editor\" data-id=\"801d3eb\" data-element_type=\"widget\" data-widget_type=\"text-editor.default\">\n\t\t\t\t<div class=\"elementor-widget-container\">\n\t\t\t\t\t\t\t\t\t<h4>Obelixin ihastuttavat terassit\u00a0\u00a0<\/h4><p>Terasseja meilt\u00e4 l\u00f6ytyy jopa kaksi kappaletta. Ensimm\u00e4inen terassi sijaitsee Uudenmaankadun varressa, sis\u00e4\u00e4nk\u00e4ynnin yhteydess\u00e4. T\u00e4ll\u00e4 terassilla tilaus tapahtuu ravintolan tiskilt\u00e4 sis\u00e4tiloista. Toinen terassimme sijaitsee rakennuksen takapuolella. K\u00e4ynti t\u00e4lle terassille on ravintolan sis\u00e4kautta. Terassille p\u00e4\u00e4see nauttimaan lounasta ma-pe klo 10:30-14 ja \u00e0 la carte -listamme herkulliset annokset ovat saatavilla ma-to 14-22, pe 14-23 ja la 12-23. Terassilla on my\u00f6s p\u00f6ytiintarjoilu lounasajan ulkopuolella.<\/p><p>Tervetuloa nauttimaan ihanista juomista ja maukkaista ruoista!<\/p><p><\/p><div class=\"wp-block-buttons is-layout-flex wp-block-buttons-is-layout-flex\"><p><\/p><div class=\"wp-block-button is-style-outline is-style-outline--2\"><a class=\"wp-block-button__link wp-element-button\" href=\"https:\/\/www.obelix.fi\/hyvinkaa\/alacarte\/\" target=\"_blank\" rel=\"noreferrer noopener\">Ruokalistaan t\u00e4st\u00e4!<\/a><\/div><p><\/p><\/div><p><\/p>\t\t\t\t\t\t\t\t<\/div>\n\t\t\t\t<\/div>\n\t\t\t\t\t<\/div>\n\t\t<\/div>\n\t\t\t\t\t<\/div>\n\t\t<\/section>\n\t\t\t\t<\/div>\n\t\t","protected":false},"excerpt":{"rendered":"<p>Terassikauden avajaiset Lauantaina 6.6.2026 viet\u00e4mme my\u00f6s terassimme avajaisia. Esiintym\u00e4ss\u00e4 terassilla klo 17:00 alkaen akustinen trio Ilja Jalkanen ja rytmiryhm\u00e4, joka ei j\u00e4t\u00e4 ket\u00e4\u00e4n kylm\u00e4ksi. Lis\u00e4ksi terassilla on baari avoinna, ruokatarjouksia unohtamatta. Muista tehd\u00e4 p\u00f6yt\u00e4varaus terassille hyviss\u00e4 ajoin, sill\u00e4 t\u00e4t\u00e4 et halua missata! Huonon s\u00e4\u00e4n sattuessa trio musisoi ravintolan sis\u00e4tiloissa! P\u00f6yt\u00e4varaus takaterassille! T\u00e4n\u00e4 kes\u00e4n\u00e4 ensimm\u00e4ist\u00e4 kertaa [&hellip;]<\/p>\n","protected":false},"author":2,"featured_media":3783,"comment_status":"closed","ping_status":"open","sticky":true,"template":"","format":"standard","meta":{"footnotes":""},"categories":[1],"tags":[64,54,50,101,102,32,56,23,53,103,100],"class_list":["post-512","post","type-post","status-publish","format-standard","has-post-thumbnail","hentry","category-yleinen","tag-erityispaivat","tag-garden","tag-hyvinkaa","tag-livemusiikki","tag-livemusiikkihyvinkaa","tag-obelix","tag-poytiintarjoilu","tag-ravintola","tag-terassi","tag-terassihyvinkaa","tag-terassinavajaiset"],"_links":{"self":[{"href":"https:\/\/www.obelix.fi\/hyvinkaa\/wp-json\/wp\/v2\/posts\/512","targetHints":{"allow":["GET"]}}],"collection":[{"href":"https:\/\/www.obelix.fi\/hyvinkaa\/wp-json\/wp\/v2\/posts"}],"about":[{"href":"https:\/\/www.obelix.fi\/hyvinkaa\/wp-json\/wp\/v2\/types\/post"}],"author":[{"embeddable":true,"href":"https:\/\/www.obelix.fi\/hyvinkaa\/wp-json\/wp\/v2\/users\/2"}],"replies":[{"embeddable":true,"href":"https:\/\/www.obelix.fi\/hyvinkaa\/wp-json\/wp\/v2\/comments?post=512"}],"version-history":[{"count":77,"href":"https:\/\/www.obelix.fi\/hyvinkaa\/wp-json\/wp\/v2\/posts\/512\/revisions"}],"predecessor-version":[{"id":4509,"href":"https:\/\/www.obelix.fi\/hyvinkaa\/wp-json\/wp\/v2\/posts\/512\/revisions\/4509"}],"wp:featuredmedia":[{"embeddable":true,"href":"https:\/\/www.obelix.fi\/hyvinkaa\/wp-json\/wp\/v2\/media\/3783"}],"wp:attachment":[{"href":"https:\/\/www.obelix.fi\/hyvinkaa\/wp-json\/wp\/v2\/media?parent=512"}],"wp:term":[{"taxonomy":"category","embeddable":true,"href":"https:\/\/www.obelix.fi\/hyvinkaa\/wp-json\/wp\/v2\/categories?post=512"},{"taxonomy":"post_tag","embeddable":true,"href":"https:\/\/www.obelix.fi\/hyvinkaa\/wp-json\/wp\/v2\/tags?post=512"}],"curies":[{"name":"wp","href":"https:\/\/api.w.org\/{rel}","templated":true}]}}