{"id":2281,"date":"2024-01-11T14:12:30","date_gmt":"2024-01-11T12:12:30","guid":{"rendered":"https:\/\/www.obelix.fi\/hyvinkaa\/?p=2281"},"modified":"2026-04-29T14:24:35","modified_gmt":"2026-04-29T11:24:35","slug":"poikkeuksia-aukioloajoissa","status":"publish","type":"post","link":"https:\/\/www.obelix.fi\/hyvinkaa\/poikkeuksia-aukioloajoissa\/","title":{"rendered":"Poikkeuksia aukioloajoissa!"},"content":{"rendered":"\t\t<div data-elementor-type=\"wp-post\" data-elementor-id=\"2281\" class=\"elementor elementor-2281\" data-elementor-post-type=\"post\">\n\t\t\t\t\t\t<section class=\"elementor-section elementor-top-section elementor-element elementor-element-a622a9a elementor-section-boxed elementor-section-height-default elementor-section-height-default\" data-id=\"a622a9a\" data-element_type=\"section\">\n\t\t\t\t\t\t<div class=\"elementor-container elementor-column-gap-default\">\n\t\t\t\t\t<div class=\"elementor-column elementor-col-100 elementor-top-column elementor-element elementor-element-a30aab2\" data-id=\"a30aab2\" data-element_type=\"column\">\n\t\t\t<div class=\"elementor-widget-wrap elementor-element-populated\">\n\t\t\t\t\t\t<div class=\"elementor-element elementor-element-92ee9ce elementor-widget elementor-widget-image\" data-id=\"92ee9ce\" data-element_type=\"widget\" data-widget_type=\"image.default\">\n\t\t\t\t<div class=\"elementor-widget-container\">\n\t\t\t\t\t\t\t\t\t\t\t\t\t\t\t<img decoding=\"async\" src=\"https:\/\/www.obelix.fi\/hyvinkaa\/wp-content\/uploads\/elementor\/thumbs\/Uudet-ruoat-scaled-qvqua6uppjvp3phzg51xkak70mt07tqyc9bafv7rnc.jpg\" title=\"Uudet ruoat\" alt=\"Obelixin erilaisia \u00e0 la carte annoksia\" loading=\"lazy\" \/>\t\t\t\t\t\t\t\t\t\t\t\t\t\t\t<\/div>\n\t\t\t\t<\/div>\n\t\t\t\t\t<\/div>\n\t\t<\/div>\n\t\t\t\t\t<\/div>\n\t\t<\/section>\n\t\t\t\t<section class=\"elementor-section elementor-top-section elementor-element elementor-element-19e96d9d elementor-section-boxed elementor-section-height-default elementor-section-height-default\" data-id=\"19e96d9d\" data-element_type=\"section\">\n\t\t\t\t\t\t<div class=\"elementor-container elementor-column-gap-default\">\n\t\t\t\t\t<div class=\"elementor-column elementor-col-100 elementor-top-column elementor-element elementor-element-3c836854\" data-id=\"3c836854\" data-element_type=\"column\">\n\t\t\t<div class=\"elementor-widget-wrap elementor-element-populated\">\n\t\t\t\t\t\t<div class=\"elementor-element elementor-element-20b157c1 elementor-widget elementor-widget-text-editor\" data-id=\"20b157c1\" data-element_type=\"widget\" data-widget_type=\"text-editor.default\">\n\t\t\t\t<div class=\"elementor-widget-container\">\n\t\t\t\t\t\t\t\t\t<h5>Olemme avoinna poikkeuksellisesti\u00a0<\/h5><ul><li>Vappuaattona 30.4. ravintola avoinna klo 10:30-23<\/li><li>Vappup\u00e4iv\u00e4n\u00e4 pe 1.5. klo 12-23 (ei lounasta)<\/li><li>\u00c4itienp\u00e4iv\u00e4 perinteiseen tapaan klo 12-17.30 1,5 h kattauksin. Kattaukset porrastetuista klo 12, 12:30, 13, 14, 14:30, 15 ja 16.<\/li><li>Helatorstaina 14.5. ravintola suljettu<\/li><li>Juhannus 19.-21.6. ravintola suljettu<\/li><li>Ravintola suljettu 11.-14.9.2026<\/li><li>Ravintola suljettu uudenvuoden p\u00e4iv\u00e4n\u00e4 1.1.2027<\/li><\/ul><h5>Olemme avoinna normaalisti<\/h5><p><strong>MA &#8211; TO<\/strong> <strong>10.30-22.00<\/strong> <em>(Lounas 10:30-14 \/ \u00c1 la carte 14-21.00)<\/em><br \/><strong>PE 10.30-23.00<\/strong> <em>(Lounas 10:30 14 \/ \u00c1 la carte 14-22)<\/em><br \/><strong>LA 12-23<\/strong> <em>(\u00c1 la carte 12-22)<\/em><br \/><strong>SU<\/strong> <em>suljettu<\/em><\/p>\t\t\t\t\t\t\t\t<\/div>\n\t\t\t\t<\/div>\n\t\t\t\t\t<\/div>\n\t\t<\/div>\n\t\t\t\t\t<\/div>\n\t\t<\/section>\n\t\t\t\t<\/div>\n\t\t","protected":false},"excerpt":{"rendered":"<p>Olemme avoinna poikkeuksellisesti\u00a0 Vappuaattona 30.4. ravintola avoinna klo 10:30-23 Vappup\u00e4iv\u00e4n\u00e4 pe 1.5. klo 12-23 (ei lounasta) \u00c4itienp\u00e4iv\u00e4 perinteiseen tapaan klo 12-17.30 1,5 h kattauksin. Kattaukset porrastetuista klo 12, 12:30, 13, 14, 14:30, 15 ja 16. Helatorstaina 14.5. ravintola suljettu Juhannus 19.-21.6. ravintola suljettu Ravintola suljettu 11.-14.9.2026 Ravintola suljettu uudenvuoden p\u00e4iv\u00e4n\u00e4 1.1.2027 Olemme avoinna normaalisti MA [&hellip;]<\/p>\n","protected":false},"author":3,"featured_media":3555,"comment_status":"closed","ping_status":"open","sticky":false,"template":"","format":"standard","meta":{"footnotes":""},"categories":[1],"tags":[41,50,49,32,20,23,33],"class_list":["post-2281","post","type-post","status-publish","format-standard","has-post-thumbnail","hentry","category-yleinen","tag-aukioloajat","tag-hyvinkaa","tag-juhlapaiva","tag-obelix","tag-poikkeusaukioloaika","tag-ravintola","tag-tapahtumat"],"_links":{"self":[{"href":"https:\/\/www.obelix.fi\/hyvinkaa\/wp-json\/wp\/v2\/posts\/2281","targetHints":{"allow":["GET"]}}],"collection":[{"href":"https:\/\/www.obelix.fi\/hyvinkaa\/wp-json\/wp\/v2\/posts"}],"about":[{"href":"https:\/\/www.obelix.fi\/hyvinkaa\/wp-json\/wp\/v2\/types\/post"}],"author":[{"embeddable":true,"href":"https:\/\/www.obelix.fi\/hyvinkaa\/wp-json\/wp\/v2\/users\/3"}],"replies":[{"embeddable":true,"href":"https:\/\/www.obelix.fi\/hyvinkaa\/wp-json\/wp\/v2\/comments?post=2281"}],"version-history":[{"count":212,"href":"https:\/\/www.obelix.fi\/hyvinkaa\/wp-json\/wp\/v2\/posts\/2281\/revisions"}],"predecessor-version":[{"id":4512,"href":"https:\/\/www.obelix.fi\/hyvinkaa\/wp-json\/wp\/v2\/posts\/2281\/revisions\/4512"}],"wp:featuredmedia":[{"embeddable":true,"href":"https:\/\/www.obelix.fi\/hyvinkaa\/wp-json\/wp\/v2\/media\/3555"}],"wp:attachment":[{"href":"https:\/\/www.obelix.fi\/hyvinkaa\/wp-json\/wp\/v2\/media?parent=2281"}],"wp:term":[{"taxonomy":"category","embeddable":true,"href":"https:\/\/www.obelix.fi\/hyvinkaa\/wp-json\/wp\/v2\/categories?post=2281"},{"taxonomy":"post_tag","embeddable":true,"href":"https:\/\/www.obelix.fi\/hyvinkaa\/wp-json\/wp\/v2\/tags?post=2281"}],"curies":[{"name":"wp","href":"https:\/\/api.w.org\/{rel}","templated":true}]}}